{"id":342,"date":"2023-02-21T21:16:51","date_gmt":"2023-02-21T21:16:51","guid":{"rendered":"http:\/\/escueladecinemza.com.ar\/web\/?p=342"},"modified":"2023-02-21T21:17:35","modified_gmt":"2023-02-21T21:17:35","slug":"convocatoria-publica-2023-espacio-maximo-arias","status":"publish","type":"post","link":"https:\/\/escueladecinemza.com.ar\/web\/convocatoria-publica-2023-espacio-maximo-arias\/","title":{"rendered":"Convocatoria P\u00fablica 2023 \u2013 Espacio M\u00e1ximo Arias"},"content":{"rendered":"\n<p>El Ministerio de Cultura y Turismo del Gobierno de Mendoza convoca a fot\u00f3grafos, artistas, colectivos, curadores y gestores culturales residentes en la provincia, a la presentaci\u00f3n de proyectos de muestras temporales, individuales o colectivas, que se realizar\u00e1n en las salas del Espacio de Fotograf\u00eda M\u00e1ximo Arias durante 2023 y parte de 2024.<\/p>\n\n\n\n<p>El objetivo de esta convocatoria es favorecer la visibilidad y valorizaci\u00f3n de los diferentes agentes que act\u00faan en la escena mendocina de la fotograf\u00eda y las artes visuales, adem\u00e1s de promover la participaci\u00f3n democr\u00e1tica, inclusiva y transparente en los espacios estatales.<\/p>\n\n\n\n<p>El Jurado designado trabajar\u00e1 sobre tres ejes, calidad t\u00e9cnica y conceptual de la propuesta, viabilidad del proyecto y el impacto en el medio art\u00edstico, patrimonial y social. Est\u00e1 conformado por Marianela S\u00e1nchez, Gabriel Marchetta, Dar\u00edo Exequiel Ambrocio y Ana Clara Pronotto, veedora perteneciente al Ministerio de Cultura y Turismo.<\/p>\n\n\n\n<p>Los proyectos expositivos deber\u00e1n estar enmarcados en las disciplinas de fotograf\u00eda, video arte o cualquier tipo de expresi\u00f3n art\u00edstica visual vinculada a medios tecnol\u00f3gicos, ya sean digitales o anal\u00f3gicos. Ser\u00e1n admitidas obras en el marco de la expansi\u00f3n de t\u00e9cnicas, soportes, medios y formatos de las artes fotogr\u00e1ficas y visuales actuales. &#8230;<\/p>\n\n\n\n<div class=\"wp-block-buttons is-layout-flex wp-block-buttons-is-layout-flex\">\n<div class=\"wp-block-button\"><a class=\"wp-block-button__link has-accent-background-color has-background wp-element-button\" href=\"\" target=\"_blank\" rel=\"noreferrer noopener\">Ver nota completa >>><\/a><\/div>\n<\/div>\n\n\n\n<div class=\"wp-block-buttons is-layout-flex wp-block-buttons-is-layout-flex\">\n<div class=\"wp-block-button\"><a class=\"wp-block-button__link has-accent-background-color has-background wp-element-button\" href=\"\" target=\"_blank\" rel=\"noreferrer noopener\">Descargar Bases y Condiciones >><\/a><\/div>\n<\/div>\n","protected":false},"excerpt":{"rendered":"<p>El Ministerio de Cultura y Turismo del Gobierno de Mendoza convoca a fot\u00f3grafos, artistas, colectivos, curadores y gestores culturales residentes en la provincia, a la presentaci\u00f3n de proyectos de muestras temporales, individuales o colectivas, que se realizar\u00e1n en las salas del Espacio de Fotograf\u00eda M\u00e1ximo Arias durante 2023 y parte de 2024. El objetivo de &#8230; <a title=\"Convocatoria P\u00fablica 2023 \u2013 Espacio M\u00e1ximo Arias\" class=\"read-more\" href=\"https:\/\/escueladecinemza.com.ar\/web\/convocatoria-publica-2023-espacio-maximo-arias\/\" aria-label=\"M\u00e1s en Convocatoria P\u00fablica 2023 \u2013 Espacio M\u00e1ximo Arias\">Leer m\u00e1s<\/a><\/p>\n","protected":false},"author":2,"featured_media":343,"comment_status":"closed","ping_status":"closed","sticky":false,"template":"","format":"standard","meta":{"ngg_post_thumbnail":0,"footnotes":""},"categories":[21],"tags":[],"class_list":["post-342","post","type-post","status-publish","format-standard","has-post-thumbnail","hentry","category-fotografia"],"_links":{"self":[{"href":"https:\/\/escueladecinemza.com.ar\/web\/wp-json\/wp\/v2\/posts\/342","targetHints":{"allow":["GET"]}}],"collection":[{"href":"https:\/\/escueladecinemza.com.ar\/web\/wp-json\/wp\/v2\/posts"}],"about":[{"href":"https:\/\/escueladecinemza.com.ar\/web\/wp-json\/wp\/v2\/types\/post"}],"author":[{"embeddable":true,"href":"https:\/\/escueladecinemza.com.ar\/web\/wp-json\/wp\/v2\/users\/2"}],"replies":[{"embeddable":true,"href":"https:\/\/escueladecinemza.com.ar\/web\/wp-json\/wp\/v2\/comments?post=342"}],"version-history":[{"count":1,"href":"https:\/\/escueladecinemza.com.ar\/web\/wp-json\/wp\/v2\/posts\/342\/revisions"}],"predecessor-version":[{"id":344,"href":"https:\/\/escueladecinemza.com.ar\/web\/wp-json\/wp\/v2\/posts\/342\/revisions\/344"}],"wp:featuredmedia":[{"embeddable":true,"href":"https:\/\/escueladecinemza.com.ar\/web\/wp-json\/wp\/v2\/media\/343"}],"wp:attachment":[{"href":"https:\/\/escueladecinemza.com.ar\/web\/wp-json\/wp\/v2\/media?parent=342"}],"wp:term":[{"taxonomy":"category","embeddable":true,"href":"https:\/\/escueladecinemza.com.ar\/web\/wp-json\/wp\/v2\/categories?post=342"},{"taxonomy":"post_tag","embeddable":true,"href":"https:\/\/escueladecinemza.com.ar\/web\/wp-json\/wp\/v2\/tags?post=342"}],"curies":[{"name":"wp","href":"https:\/\/api.w.org\/{rel}","templated":true}]}}